{"id":1216,"date":"2015-03-19T11:59:35","date_gmt":"2015-03-19T10:59:35","guid":{"rendered":"http:\/\/www.riibygard.se\/?p=1216"},"modified":"2015-03-19T12:42:04","modified_gmt":"2015-03-19T11:42:04","slug":"pasklovslager-2","status":"publish","type":"post","link":"https:\/\/www.riibygard.se\/?p=1216","title":{"rendered":"P\u00e5sklovsl\u00e4ger :)"},"content":{"rendered":"<p>Vi kommer att ha Dagridl\u00e4ger Tisdag \u00a0-Onsdag 7-8\/4<br \/>\n<a href=\"https:\/\/www.riibygard.se\/?attachment_id=1217\" rel=\"attachment wp-att-1217\">p\u00e5sk\u00e4gget2015 fr\u00e5n 7 \u00e5r<\/a><br \/>\n\u00d6vernattningsl\u00e4ger Torsdag -Fredag 9-10\/4<br \/>\n<a href=\"https:\/\/www.riibygard.se\/?attachment_id=1218\" rel=\"attachment wp-att-1218\">\u00d6vernattningsl\u00e4ger p\u00e5sk 2015<br \/>\n<\/a><a href=\"https:\/\/www.riibygard.se\/?attachment_id=1232\" rel=\"attachment wp-att-1232\"><img fetchpriority=\"high\" decoding=\"async\" class=\"alignleft size-medium wp-image-1232\" src=\"https:\/\/www.riibygard.se\/wp-content\/uploads\/2015\/03\/vikt-fux_0372-kopiera-203x300.jpg\" alt=\"vikt fux_0372 kopiera\" width=\"203\" height=\"300\" srcset=\"https:\/\/www.riibygard.se\/wp-content\/uploads\/2015\/03\/vikt-fux_0372-kopiera-203x300.jpg 203w, https:\/\/www.riibygard.se\/wp-content\/uploads\/2015\/03\/vikt-fux_0372-kopiera-338x500.jpg 338w, https:\/\/www.riibygard.se\/wp-content\/uploads\/2015\/03\/vikt-fux_0372-kopiera-624x924.jpg 624w, https:\/\/www.riibygard.se\/wp-content\/uploads\/2015\/03\/vikt-fux_0372-kopiera.jpg 973w\" sizes=\"(max-width: 203px) 100vw, 203px\" \/><\/a><a href=\"https:\/\/www.riibygard.se\/?attachment_id=1218\" rel=\"attachment wp-att-1218\"><br \/>\n<\/a><\/p>\n<p>Vid bokning fr\u00e5gor s\u00e5 g\u00e5r det bra att maila p\u00e5 riibygard@gmail.com<br \/>\neller ringa 070398 26 68<\/p>\n<p>Hoppas vi syns i P\u00e5sk \/\/ Viktoria och Felicia<\/p>\n","protected":false},"excerpt":{"rendered":"<p>Vi kommer att ha Dagridl\u00e4ger Tisdag \u00a0-Onsdag 7-8\/4 p\u00e5sk\u00e4gget2015 fr\u00e5n 7 \u00e5r \u00d6vernattningsl\u00e4ger Torsdag -Fredag 9-10\/4 \u00d6vernattningsl\u00e4ger p\u00e5sk 2015 Vid bokning fr\u00e5gor s\u00e5 g\u00e5r det bra att maila p\u00e5 riibygard@gmail.com eller ringa 070398 26 68 Hoppas vi syns i P\u00e5sk \/\/ Viktoria och Felicia<\/p>\n","protected":false},"author":2,"featured_media":0,"comment_status":"open","ping_status":"open","sticky":false,"template":"","format":"standard","meta":{"ngg_post_thumbnail":0,"footnotes":""},"categories":[1],"tags":[],"class_list":["post-1216","post","type-post","status-publish","format-standard","hentry","category-okategoriserade"],"_links":{"self":[{"href":"https:\/\/www.riibygard.se\/index.php?rest_route=\/wp\/v2\/posts\/1216","targetHints":{"allow":["GET"]}}],"collection":[{"href":"https:\/\/www.riibygard.se\/index.php?rest_route=\/wp\/v2\/posts"}],"about":[{"href":"https:\/\/www.riibygard.se\/index.php?rest_route=\/wp\/v2\/types\/post"}],"author":[{"embeddable":true,"href":"https:\/\/www.riibygard.se\/index.php?rest_route=\/wp\/v2\/users\/2"}],"replies":[{"embeddable":true,"href":"https:\/\/www.riibygard.se\/index.php?rest_route=%2Fwp%2Fv2%2Fcomments&post=1216"}],"version-history":[{"count":6,"href":"https:\/\/www.riibygard.se\/index.php?rest_route=\/wp\/v2\/posts\/1216\/revisions"}],"predecessor-version":[{"id":1233,"href":"https:\/\/www.riibygard.se\/index.php?rest_route=\/wp\/v2\/posts\/1216\/revisions\/1233"}],"wp:attachment":[{"href":"https:\/\/www.riibygard.se\/index.php?rest_route=%2Fwp%2Fv2%2Fmedia&parent=1216"}],"wp:term":[{"taxonomy":"category","embeddable":true,"href":"https:\/\/www.riibygard.se\/index.php?rest_route=%2Fwp%2Fv2%2Fcategories&post=1216"},{"taxonomy":"post_tag","embeddable":true,"href":"https:\/\/www.riibygard.se\/index.php?rest_route=%2Fwp%2Fv2%2Ftags&post=1216"}],"curies":[{"name":"wp","href":"https:\/\/api.w.org\/{rel}","templated":true}]}}