{"id":1632,"date":"2019-02-20T20:01:51","date_gmt":"2019-02-20T19:01:51","guid":{"rendered":"http:\/\/www.riibygard.se\/?p=1632"},"modified":"2019-02-20T20:01:51","modified_gmt":"2019-02-20T19:01:51","slug":"sportlovs-dagridlager","status":"publish","type":"post","link":"https:\/\/www.riibygard.se\/?p=1632","title":{"rendered":"Sportlovs dagridl\u00e4ger :)"},"content":{"rendered":"\n\n\n\n\n<p style=\"text-align:center\"><strong>\u00a0Dagl\u00e4ger 4\/3 och 5\/3<\/strong><\/p>\n\n\n\n<p>Dagl\u00e4ger f\u00f6r dig mellan 7-10 \u00e5r.<br \/> Den h\u00e4r mysiga dagen \u00e4r f\u00f6r dig som \u00e4lskar att umg\u00e5s med h\u00e4star och djur. Alla barn f\u00e5r var sin egen sk\u00f6th\u00e4st att ta hand om och rida. Vi kommer f\u00f6rutom att rida sj\u00e4lvklart pyssla och sk\u00f6ta om h\u00e4starna, kaninen och katten. P\u00e5 eftermiddagen kommer vi att tolka med snowracer bakom v\u00e5ra sn\u00e4lla och snabba h\u00e4star. Helt enkelt en fantastisk friluftsdag precis som det ska var p\u00e5 ett sportlov.<br \/> \u00a0\u00a0\u00a0\u00a0\u00a0\u00a0\u00a0\u00a0\u00a0\u00a0\u00a0\u00a0\u00a0\u00a0\u00a0\u00a0\u00a0\u00a0\u00a0\u00a0\u00a0\u00a0\u00a0\u00a0\u00a0\u00a0                              <strong><em>Vad ska jag ta med mig?<\/em><\/strong><\/p>\n\n\n\n<p>Ridkl\u00e4der, kl\u00e4der efter v\u00e4der och ett glatt\nhum\u00f6r. T\u00e4nk p\u00e5 att det blir mycket utevistelse och ta med ombyten.<\/p>\n\n\n\n<p><strong><em>\u00a0                                            N\u00e4r ska jag komma och vad h\u00e4nder p\u00e5 Riiby G\u00e5rd?<\/em><\/strong><\/p>\n\n\n\n<p>10:00 \u2013 Samling och utdelning av h\u00e4star. <br \/>10:50- Ridpass i paddock<br \/>12:00 \u2013 Lunch. Spagetti och k\u00f6ttf\u00e4rss\u00e5s <br \/>13:00 \u2013 Pyssel i stallet 13.30 \u2013 Tolka efter h\u00e4st p\u00e5 snowracer. <br \/>14.30 \u2013 Fika. Sm\u00f6rg\u00e5s och varm choklad \u00a0<br \/>15.00 \u2013 Avslutas l\u00e4gret<br \/><br \/><\/p>\n\n\n\n<h1 class=\"wp-block-heading\"><em>Viktig information och upplysningar<\/em><\/h1>\n\n\n\n<p>Vi beh\u00f6ver veta om Du har allergi av n\u00e5got slag och om Du i s\u00e5 fall beh\u00f6ver speciell mat. Du m\u00e5ste ha egen olycksfallsf\u00f6rs\u00e4kring samt vara medveten om att alla aktiviteter sker p\u00e5 egen risk.Pris barn: 850:- Vill ni g\u00e5 b\u00e4gge dagarna s\u00e5 kostar det 1600:-<br \/>G\u00e5r du p\u00e5 V\u00e5ran ridskola s\u00e5 betelar ni 800:-f\u00f6r en dag.1500:- f\u00f6r b\u00e4gge.<br \/> <br \/>  I priset ing\u00e5r lunch + fika samt aktiviteter. Vi f\u00f6rbeh\u00e5ller oss r\u00e4tten <br \/> \u00a0att \u00e4ndra i planeringen pga v\u00e4der och s\u00e4kerhet.<br \/> Anm\u00e4lan sker till Viktoria per mail riibygard@gmail.com, bifoga barnets namn samt ert telefonnummer. Anm\u00e4lningsavgift skickas till er p\u00e5 mail.<br \/> Anm\u00e4lningsavgiften \u00e5terbetalas ej vid avbokning. <br \/><br \/><\/p>\n\n\n\n<figure class=\"wp-block-image\"><img fetchpriority=\"high\" decoding=\"async\" width=\"500\" height=\"459\" src=\"https:\/\/www.riibygard.se\/wp-content\/uploads\/2019\/02\/h\u00e4st-500x459.jpg\" alt=\"\" class=\"wp-image-1633\" srcset=\"https:\/\/www.riibygard.se\/wp-content\/uploads\/2019\/02\/h\u00e4st-500x459.jpg 500w, https:\/\/www.riibygard.se\/wp-content\/uploads\/2019\/02\/h\u00e4st-300x275.jpg 300w, https:\/\/www.riibygard.se\/wp-content\/uploads\/2019\/02\/h\u00e4st-624x572.jpg 624w, https:\/\/www.riibygard.se\/wp-content\/uploads\/2019\/02\/h\u00e4st.jpg 750w\" sizes=\"(max-width: 500px) 100vw, 500px\" \/><\/figure>\n\n\n\n<p><em>\u00a0\u00a0\u00a0\u00a0\u00a0\u00a0\u00a0\u00a0\u00a0\u00a0\u00a0\u00a0\u00a0\u00a0\u00a0\u00a0\u00a0\u00a0                                          <strong>Varmt V\u00e4lkommen<\/strong><\/em><br \/><strong>Riiby G\u00e5rd Islandsh\u00e4star<\/strong><br \/>Viktoria Forsberg<br \/>Norra Riibygatan 33, 860 33 Bergeforsen  070-398 26 68\u00a0 <br \/><strong><a href=\"http:\/\/www.ribygard.se\/\">www.ribygard.se<\/a> * <a href=\"mailto:riibygard@gmail.com\">riibygard@gmail.com<\/a><\/strong><\/p>\n","protected":false},"excerpt":{"rendered":"<p>\u00a0Dagl\u00e4ger 4\/3 och 5\/3 Dagl\u00e4ger f\u00f6r dig mellan 7-10 \u00e5r. Den h\u00e4r mysiga dagen \u00e4r f\u00f6r dig som \u00e4lskar att umg\u00e5s med h\u00e4star och djur. Alla barn f\u00e5r var sin egen sk\u00f6th\u00e4st att ta hand om och rida. Vi kommer f\u00f6rutom att rida sj\u00e4lvklart pyssla och sk\u00f6ta om h\u00e4starna, kaninen och katten. P\u00e5 eftermiddagen kommer &hellip; <\/p>\n<p class=\"link-more\"><a href=\"https:\/\/www.riibygard.se\/?p=1632\" class=\"more-link\">Forts\u00e4tt l\u00e4sa<span class=\"screen-reader-text\"> \u201dSportlovs dagridl\u00e4ger :)\u201d<\/span><\/a><\/p>\n","protected":false},"author":2,"featured_media":0,"comment_status":"closed","ping_status":"closed","sticky":false,"template":"","format":"standard","meta":{"ngg_post_thumbnail":0,"footnotes":""},"categories":[1],"tags":[],"class_list":["post-1632","post","type-post","status-publish","format-standard","hentry","category-okategoriserade"],"_links":{"self":[{"href":"https:\/\/www.riibygard.se\/index.php?rest_route=\/wp\/v2\/posts\/1632","targetHints":{"allow":["GET"]}}],"collection":[{"href":"https:\/\/www.riibygard.se\/index.php?rest_route=\/wp\/v2\/posts"}],"about":[{"href":"https:\/\/www.riibygard.se\/index.php?rest_route=\/wp\/v2\/types\/post"}],"author":[{"embeddable":true,"href":"https:\/\/www.riibygard.se\/index.php?rest_route=\/wp\/v2\/users\/2"}],"replies":[{"embeddable":true,"href":"https:\/\/www.riibygard.se\/index.php?rest_route=%2Fwp%2Fv2%2Fcomments&post=1632"}],"version-history":[{"count":3,"href":"https:\/\/www.riibygard.se\/index.php?rest_route=\/wp\/v2\/posts\/1632\/revisions"}],"predecessor-version":[{"id":1636,"href":"https:\/\/www.riibygard.se\/index.php?rest_route=\/wp\/v2\/posts\/1632\/revisions\/1636"}],"wp:attachment":[{"href":"https:\/\/www.riibygard.se\/index.php?rest_route=%2Fwp%2Fv2%2Fmedia&parent=1632"}],"wp:term":[{"taxonomy":"category","embeddable":true,"href":"https:\/\/www.riibygard.se\/index.php?rest_route=%2Fwp%2Fv2%2Fcategories&post=1632"},{"taxonomy":"post_tag","embeddable":true,"href":"https:\/\/www.riibygard.se\/index.php?rest_route=%2Fwp%2Fv2%2Ftags&post=1632"}],"curies":[{"name":"wp","href":"https:\/\/api.w.org\/{rel}","templated":true}]}}