{"id":299,"date":"2010-05-23T18:34:38","date_gmt":"2010-05-23T16:34:38","guid":{"rendered":"http:\/\/www.riibygard.se\/?p=299"},"modified":"2010-05-23T19:32:54","modified_gmt":"2010-05-23T17:32:54","slug":"sommarens-forsta-fol","status":"publish","type":"post","link":"https:\/\/www.riibygard.se\/?p=299","title":{"rendered":"Sommarens f\u00f6rsta f\u00f6l!"},"content":{"rendered":"<p>Nu \u00e4r sommarens f\u00f6rsta f\u00f6l h\u00e4r, ett stof\u00f6l som \u00e4r f\u00f6dd p\u00e5 morgonkvisten idag. Mor Ma\u00edstjarna fr\u00e5n Riiby g\u00e5rd och far 1a klass hingsten Omi fr\u00e5n Stav.<\/p>\n<figure id=\"attachment_300\" aria-describedby=\"caption-attachment-300\" style=\"width: 385px\" class=\"wp-caption alignnone\"><a href=\"https:\/\/www.riibygard.se\/wp-content\/uploads\/2010\/05\/Majsans-f\u00f6l.jpg\"><img fetchpriority=\"high\" decoding=\"async\" class=\"size-full wp-image-300\" title=\"Majsans f\u00f6l\" src=\"https:\/\/www.riibygard.se\/wp-content\/uploads\/2010\/05\/Majsans-f\u00f6l.jpg\" alt=\"\" width=\"385\" height=\"534\" srcset=\"https:\/\/www.riibygard.se\/wp-content\/uploads\/2010\/05\/Majsans-f\u00f6l.jpg 385w, https:\/\/www.riibygard.se\/wp-content\/uploads\/2010\/05\/Majsans-f\u00f6l-216x300.jpg 216w\" sizes=\"(max-width: 385px) 100vw, 385px\" \/><\/a><figcaption id=\"caption-attachment-300\" class=\"wp-caption-text\">Ma\u00edstjarnas f\u00f6l<\/figcaption><\/figure>\n<figure id=\"attachment_301\" aria-describedby=\"caption-attachment-301\" style=\"width: 386px\" class=\"wp-caption alignnone\"><a href=\"https:\/\/www.riibygard.se\/wp-content\/uploads\/2010\/05\/Majsans-f\u00f6l2.jpg\"><img decoding=\"async\" class=\"size-full wp-image-301\" title=\"Majsans f\u00f6l2\" src=\"https:\/\/www.riibygard.se\/wp-content\/uploads\/2010\/05\/Majsans-f\u00f6l2.jpg\" alt=\"\" width=\"386\" height=\"600\" srcset=\"https:\/\/www.riibygard.se\/wp-content\/uploads\/2010\/05\/Majsans-f\u00f6l2.jpg 386w, https:\/\/www.riibygard.se\/wp-content\/uploads\/2010\/05\/Majsans-f\u00f6l2-193x300.jpg 193w\" sizes=\"(max-width: 386px) 100vw, 386px\" \/><\/a><figcaption id=\"caption-attachment-301\" class=\"wp-caption-text\">Ma\u00edstjarnas f\u00f6l<\/figcaption><\/figure>\n","protected":false},"excerpt":{"rendered":"<p>Nu \u00e4r sommarens f\u00f6rsta f\u00f6l h\u00e4r, ett stof\u00f6l som \u00e4r f\u00f6dd p\u00e5 morgonkvisten idag. Mor Ma\u00edstjarna fr\u00e5n Riiby g\u00e5rd och far 1a klass hingsten Omi fr\u00e5n Stav.<\/p>\n","protected":false},"author":1,"featured_media":0,"comment_status":"open","ping_status":"open","sticky":false,"template":"","format":"standard","meta":{"ngg_post_thumbnail":0,"footnotes":""},"categories":[6],"tags":[],"class_list":["post-299","post","type-post","status-publish","format-standard","hentry","category-hastarna"],"_links":{"self":[{"href":"https:\/\/www.riibygard.se\/index.php?rest_route=\/wp\/v2\/posts\/299","targetHints":{"allow":["GET"]}}],"collection":[{"href":"https:\/\/www.riibygard.se\/index.php?rest_route=\/wp\/v2\/posts"}],"about":[{"href":"https:\/\/www.riibygard.se\/index.php?rest_route=\/wp\/v2\/types\/post"}],"author":[{"embeddable":true,"href":"https:\/\/www.riibygard.se\/index.php?rest_route=\/wp\/v2\/users\/1"}],"replies":[{"embeddable":true,"href":"https:\/\/www.riibygard.se\/index.php?rest_route=%2Fwp%2Fv2%2Fcomments&post=299"}],"version-history":[{"count":4,"href":"https:\/\/www.riibygard.se\/index.php?rest_route=\/wp\/v2\/posts\/299\/revisions"}],"predecessor-version":[{"id":309,"href":"https:\/\/www.riibygard.se\/index.php?rest_route=\/wp\/v2\/posts\/299\/revisions\/309"}],"wp:attachment":[{"href":"https:\/\/www.riibygard.se\/index.php?rest_route=%2Fwp%2Fv2%2Fmedia&parent=299"}],"wp:term":[{"taxonomy":"category","embeddable":true,"href":"https:\/\/www.riibygard.se\/index.php?rest_route=%2Fwp%2Fv2%2Fcategories&post=299"},{"taxonomy":"post_tag","embeddable":true,"href":"https:\/\/www.riibygard.se\/index.php?rest_route=%2Fwp%2Fv2%2Ftags&post=299"}],"curies":[{"name":"wp","href":"https:\/\/api.w.org\/{rel}","templated":true}]}}