{"id":797,"date":"2012-01-28T13:56:23","date_gmt":"2012-01-28T12:56:23","guid":{"rendered":"http:\/\/www.riibygard.se\/?p=797"},"modified":"2012-03-27T11:48:14","modified_gmt":"2012-03-27T09:48:14","slug":"rid-och-stall-lekis-nytt-for-i-ar","status":"publish","type":"post","link":"https:\/\/www.riibygard.se\/?p=797","title":{"rendered":"RID\/STALL LEKIS!! &#8221; Nytt f\u00f6r i \u00e5r&#8221;"},"content":{"rendered":"<p><strong>Rid \/ Stall Lekis<\/strong><\/p>\n<p>Hos oss tr\u00e4ffar ni v\u00e5ra sn\u00e4lla trygga\u00a0lurviga islandsh\u00e4star.<br \/>\nI sm\u00e5 grupper om 5-6 barn.\u00a050min.\u00a0<br \/>\n\u00a0<br \/>\nF\u00f6r barn fr\u00e5n 5\u00e5r. Vi l\u00e4r oss s\u00e4kerhet i stall och med h\u00e4st.<br \/>\nVi l\u00e4gger den f\u00f6rsta\u00a0grunden f\u00f6r rid och h\u00e4st k\u00e4nnedom.<br \/>\nVid 6 tillf\u00e4llen tr\u00e4ffas vi, f\u00f6rbereder h\u00e4starna och rider.<br \/>\nTillsamans med\u00a0vuxen l\u00e4r vi oss\u00a0sadling och tr\u00e4nsning.<br \/>\nEn bra m\u00f6jlighet att k\u00e4nna in hur det \u00e4r i ett stall.<\/p>\n<p>S\u00f6ndagar kl 15.00 -15.50<br \/>\nPris 570 :-\u00a0 (95:- per g\u00e5ng)\u00a0 6 tillf\u00e4llen.\u00a0<br \/>\nStart\u00a0inom kort.\u00a0<br \/>\n\u00a0<br \/>\nVi kommer att f\u00f6rs\u00e4tta med en del 2 f\u00f6r de som vill.<\/p>\n<p>I v\u00e5rat varma fik fins det m\u00f6jlighet att k\u00f6pa\u00a0hembakat fika.<\/p>\n<p>Anm\u00e4lan\u00a0p\u00e5 mail <a href=\"mailto:riiby@telia.com\">riiby@telia.com<\/a> \u00a0<br \/>\nFr\u00e5gor anm\u00e4lan Viktoria 070-398 26 68<br \/>\n\u00a0\u00a0\u00a0\u00a0\u00a0\u00a0\u00a0\u00a0\u00a0\u00a0\u00a0\u00a0\u00a0\u00a0\u00a0\u00a0\u00a0\u00a0\u00a0\u00a0\u00a0\u00a0\u00a0\u00a0\u00a0\u00a0 Lena\u00a0 070- 660 82 94<\/p>\n","protected":false},"excerpt":{"rendered":"<p>Rid \/ Stall Lekis Hos oss tr\u00e4ffar ni v\u00e5ra sn\u00e4lla trygga\u00a0lurviga islandsh\u00e4star. I sm\u00e5 grupper om 5-6 barn.\u00a050min.\u00a0 \u00a0 F\u00f6r barn fr\u00e5n 5\u00e5r. Vi l\u00e4r oss s\u00e4kerhet i stall och med h\u00e4st. Vi l\u00e4gger den f\u00f6rsta\u00a0grunden f\u00f6r rid och h\u00e4st k\u00e4nnedom. Vid 6 tillf\u00e4llen tr\u00e4ffas vi, f\u00f6rbereder h\u00e4starna och rider. Tillsamans med\u00a0vuxen l\u00e4r vi oss\u00a0sadling &hellip; <\/p>\n<p class=\"link-more\"><a href=\"https:\/\/www.riibygard.se\/?p=797\" class=\"more-link\">Forts\u00e4tt l\u00e4sa<span class=\"screen-reader-text\"> \u201dRID\/STALL LEKIS!! &#8221; Nytt f\u00f6r i \u00e5r&#8221;\u201d<\/span><\/a><\/p>\n","protected":false},"author":2,"featured_media":0,"comment_status":"open","ping_status":"open","sticky":false,"template":"","format":"standard","meta":{"ngg_post_thumbnail":0,"footnotes":""},"categories":[1],"tags":[],"class_list":["post-797","post","type-post","status-publish","format-standard","hentry","category-okategoriserade"],"_links":{"self":[{"href":"https:\/\/www.riibygard.se\/index.php?rest_route=\/wp\/v2\/posts\/797","targetHints":{"allow":["GET"]}}],"collection":[{"href":"https:\/\/www.riibygard.se\/index.php?rest_route=\/wp\/v2\/posts"}],"about":[{"href":"https:\/\/www.riibygard.se\/index.php?rest_route=\/wp\/v2\/types\/post"}],"author":[{"embeddable":true,"href":"https:\/\/www.riibygard.se\/index.php?rest_route=\/wp\/v2\/users\/2"}],"replies":[{"embeddable":true,"href":"https:\/\/www.riibygard.se\/index.php?rest_route=%2Fwp%2Fv2%2Fcomments&post=797"}],"version-history":[{"count":6,"href":"https:\/\/www.riibygard.se\/index.php?rest_route=\/wp\/v2\/posts\/797\/revisions"}],"predecessor-version":[{"id":812,"href":"https:\/\/www.riibygard.se\/index.php?rest_route=\/wp\/v2\/posts\/797\/revisions\/812"}],"wp:attachment":[{"href":"https:\/\/www.riibygard.se\/index.php?rest_route=%2Fwp%2Fv2%2Fmedia&parent=797"}],"wp:term":[{"taxonomy":"category","embeddable":true,"href":"https:\/\/www.riibygard.se\/index.php?rest_route=%2Fwp%2Fv2%2Fcategories&post=797"},{"taxonomy":"post_tag","embeddable":true,"href":"https:\/\/www.riibygard.se\/index.php?rest_route=%2Fwp%2Fv2%2Ftags&post=797"}],"curies":[{"name":"wp","href":"https:\/\/api.w.org\/{rel}","templated":true}]}}